{"id":36567,"date":"2012-10-30T08:57:13","date_gmt":"2012-10-30T06:57:13","guid":{"rendered":"http:\/\/enduroboxer.swt-sports.de\/?p=36567"},"modified":"2021-02-05T00:18:23","modified_gmt":"2021-02-04T22:18:23","slug":"enduroboxer-treffen-und-training-2012","status":"publish","type":"post","link":"https:\/\/enduroboxer.swt-sports.de\/index.php\/enduroboxer-treffen-und-training-2012\/","title":{"rendered":"EnduroBoxer Treffen und Training 2012"},"content":{"rendered":"\t\t<div data-elementor-type=\"wp-post\" data-elementor-id=\"36567\" class=\"elementor elementor-36567\" data-elementor-post-type=\"post\">\n\t\t\t\t\t\t<section class=\"elementor-section elementor-top-section elementor-element elementor-element-2e078a7b elementor-section-boxed elementor-section-height-default elementor-section-height-default\" data-id=\"2e078a7b\" data-element_type=\"section\">\n\t\t\t\t\t\t<div class=\"elementor-container elementor-column-gap-default\">\n\t\t\t\t\t<div class=\"elementor-column elementor-col-100 elementor-top-column elementor-element elementor-element-485af4a6\" data-id=\"485af4a6\" data-element_type=\"column\">\n\t\t\t<div class=\"elementor-widget-wrap elementor-element-populated\">\n\t\t\t\t\t\t<div class=\"elementor-element elementor-element-6bc30779 elementor-widget elementor-widget-text-editor\" data-id=\"6bc30779\" data-element_type=\"widget\" data-widget_type=\"text-editor.default\">\n\t\t\t\t<div class=\"elementor-widget-container\">\n\t\t\t\t\t\t\t\t\t<h1><strong>\u201eEnduroBoxer Treffen Extreme\u201c 2012<\/strong><\/h1>\n<h3><strong>&#8230; das sollte eigentlich der richtige Slogan f\u00fcr dieses Wochenende sein.<\/strong><\/h3>\n<p style=\"text-align: justify;\">Der Wetterfrosch hatte es schon vorhergesagt, dass die Verh\u00e4ltnisse nicht so ideal werden sollen. Auch die Absagen einiger Teilnehmer unterstrichen diese Vermutung. So waren wir ein \u00fcberschaubarer Haufen. Doch dass es so viel Spa\u00df machen w\u00fcrde, das konnten wir uns nicht vorstellen!<\/p>\n<p><a href=\"..\/..\/wp-content\/uploads\/2017\/12\/DSCN0188.jpg\"><img fetchpriority=\"high\" decoding=\"async\" src=\"..\/..\/wp-content\/uploads\/2017\/12\/DSCN0188.jpg\" alt=\"\" width=\"1024\" height=\"768\"><\/a><\/p>\n<p style=\"text-align: justify;\">Geschlafen wurde im eigenen Transporter oder unter freiem Himmel im Zelt. Auch das Vereinsheim des MMC Schweinfurt wurde als Pension genutzt. Unsere Verpflegung \u00fcbernahm der Verein. Schon am fr\u00fchen Morgen wurden wir mit frischen Eiern und Speck auf den Tag vorbereitet. Diesen Service konnten wir das ganze Event \u00fcber genie\u00dfen.<\/p>\n<p style=\"text-align: justify;\">Dann, nach ein paar Startschwierigkeiten, ging es los auf die Strecke. Diese war durch die Wetterverh\u00e4ltnisse f\u00fcr ein Training sehr interessant geworden. Die \u201eSimo Kirssi\u201c-Gruppe ging nach einer kurzen Aufw\u00e4rmphase gleich ans Eingemachte.<\/p>\n<p style=\"text-align: justify;\">Meine Gruppe die aus Einsteigern und Fortgeschrittenen bestand, steigerte sich fortw\u00e4hrend und nutzte das Gel\u00e4nde mit seinen anspruchsvollen Auffahrten weitgehend aus. Viele unserer Teilnehmer verbesserten ihren Fahrstil w\u00e4hrend des Trainings. Man konnte buchst\u00e4blich beobachten, wie die Angst vor den Hindernissen vertrieben wurde.<\/p>\n<p><a href=\"..\/..\/wp-content\/uploads\/2017\/12\/DSC_6228.jpg\"><img decoding=\"async\" src=\"..\/..\/wp-content\/uploads\/2017\/12\/DSC_6228.jpg\" alt=\"\" width=\"1024\" height=\"774\"><\/a><\/p>\n<p style=\"text-align: justify;\">Abends konnten wir dann die Vortr\u00e4ge von Sven B\u00f6hme (time-to-cycle) und von Harald Himmelheber (mit dem BMW-Gespann durch Tunesien) genie\u00dfen.&nbsp;Am Sonntag Morgen gingen wir gleich nach dem Fr\u00fchst\u00fcck wieder ans Trainieren.<\/p>\n<p style=\"text-align: justify;\">Die Jungs hatten ihr Gelerntes sofort sauber umgesetzt. Es war ein Riesen-Spa\u00df, mit einer so tollen Truppe durch das Trainingsgel\u00e4nde zu turnen.<\/p>\n<p><a href=\"..\/..\/wp-content\/uploads\/2017\/12\/DSC7321.jpg\"><img decoding=\"async\" src=\"..\/..\/wp-content\/uploads\/2017\/12\/DSC7321.jpg\" alt=\"\" width=\"960\" height=\"639\"><\/a><\/p>\n<p style=\"text-align: justify;\">Ab dem Nachmittag ging die Materialschlacht los. Simo, Gerd und ich versuchten, alle Auffahrten zu bezwingen. So wurden die K\u00fche richtig ran genommen. Das funktionierte nat\u00fcrlich nicht, ohne das Material zu schw\u00e4chen. So musste die HP2 mit schwerem Ger\u00e4t aus der Grube geborgen werden!<\/p>\n<p><a href=\"..\/..\/wp-content\/uploads\/2017\/12\/DSC7658.jpg\"><img loading=\"lazy\" decoding=\"async\" src=\"..\/..\/wp-content\/uploads\/2017\/12\/DSC7658.jpg\" alt=\"\" width=\"960\" height=\"639\"><\/a><\/p>\n<h3><strong>F\u00fcr das Jahr 2013 ist wieder ein EnduroBoxer-Training\/Treffen f\u00fcr Juni \/ Juli geplant.<\/strong><\/h3>\t\t\t\t\t\t\t\t<\/div>\n\t\t\t\t<\/div>\n\t\t\t\t\t<\/div>\n\t\t<\/div>\n\t\t\t\t\t<\/div>\n\t\t<\/section>\n\t\t\t\t<\/div>\n\t\t","protected":false},"excerpt":{"rendered":"<p>\u201eEnduroBoxer Treffen Extreme\u201c 2012 &#8230; das sollte eigentlich der richtige Slogan f\u00fcr dieses Wochenende sein. Der Wetterfrosch hatte es schon vorhergesagt, dass die Verh\u00e4ltnisse nicht so ideal werden sollen. Auch die Absagen einiger Teilnehmer unterstrichen diese Vermutung. So waren wir ein \u00fcberschaubarer Haufen. Doch dass es so viel Spa\u00df machen w\u00fcrde, das konnten wir uns [&hellip;]<\/p>\n","protected":false},"author":402,"featured_media":36584,"comment_status":"open","ping_status":"open","sticky":false,"template":"","format":"standard","meta":{"inline_featured_image":false,"footnotes":""},"categories":[62],"tags":[19,20,21,46,48,9],"class_list":["post-36567","post","type-post","status-publish","format-standard","has-post-thumbnail","hentry","category-enduroboxer-treffen","tag-bmw-enduro-treffen","tag-dickschifftreffen","tag-enduroboxer-treffen","tag-enduroboxertreffen-november","tag-enduroboxertreffen","tag-simo-kirssi-training"],"yoast_head":"<!-- This site is optimized with the Yoast SEO plugin v26.6 - https:\/\/yoast.com\/wordpress\/plugins\/seo\/ -->\n<title>EnduroBoxer Treffen und Training 2012 &#187; BMW Motorrad EnduroBoxer Treffen \u2013 Touren \u2013 Training<\/title>\n<meta name=\"robots\" content=\"index, follow, max-snippet:-1, max-image-preview:large, max-video-preview:-1\" \/>\n<link rel=\"canonical\" href=\"https:\/\/enduroboxer.swt-sports.de\/index.php\/enduroboxer-treffen-und-training-2012\/\" \/>\n<meta property=\"og:locale\" content=\"de_DE\" \/>\n<meta property=\"og:type\" content=\"article\" \/>\n<meta property=\"og:title\" content=\"EnduroBoxer Treffen und Training 2012 &#187; BMW Motorrad EnduroBoxer Treffen \u2013 Touren \u2013 Training\" \/>\n<meta property=\"og:description\" content=\"\u201eEnduroBoxer Treffen Extreme\u201c 2012 &#8230; das sollte eigentlich der richtige Slogan f\u00fcr dieses Wochenende sein. Der Wetterfrosch hatte es schon vorhergesagt, dass die Verh\u00e4ltnisse nicht so ideal werden sollen. Auch die Absagen einiger Teilnehmer unterstrichen diese Vermutung. So waren wir ein \u00fcberschaubarer Haufen. Doch dass es so viel Spa\u00df machen w\u00fcrde, das konnten wir uns [&hellip;]\" \/>\n<meta property=\"og:url\" content=\"https:\/\/enduroboxer.swt-sports.de\/index.php\/enduroboxer-treffen-und-training-2012\/\" \/>\n<meta property=\"og:site_name\" content=\"BMW Motorrad EnduroBoxer Treffen \u2013 Touren \u2013 Training\" \/>\n<meta property=\"article:publisher\" content=\"https:\/\/www.facebook.com\/swtsports\/\" \/>\n<meta property=\"article:published_time\" content=\"2012-10-30T06:57:13+00:00\" \/>\n<meta property=\"article:modified_time\" content=\"2021-02-04T22:18:23+00:00\" \/>\n<meta property=\"og:image\" content=\"https:\/\/enduroboxer.swt-sports.de\/wp-content\/uploads\/2017\/12\/AnzeigeEbay.jpg\" \/>\n\t<meta property=\"og:image:width\" content=\"1024\" \/>\n\t<meta property=\"og:image:height\" content=\"728\" \/>\n\t<meta property=\"og:image:type\" content=\"image\/jpeg\" \/>\n<meta name=\"author\" content=\"Manuel Schad\" \/>\n<meta name=\"twitter:card\" content=\"summary_large_image\" \/>\n<meta name=\"twitter:label1\" content=\"Verfasst von\" \/>\n\t<meta name=\"twitter:data1\" content=\"Manuel Schad\" \/>\n\t<meta name=\"twitter:label2\" content=\"Gesch\u00e4tzte Lesezeit\" \/>\n\t<meta name=\"twitter:data2\" content=\"3\u00a0Minuten\" \/>\n<script type=\"application\/ld+json\" class=\"yoast-schema-graph\">{\"@context\":\"https:\/\/schema.org\",\"@graph\":[{\"@type\":\"Article\",\"@id\":\"https:\/\/enduroboxer.swt-sports.de\/index.php\/enduroboxer-treffen-und-training-2012\/#article\",\"isPartOf\":{\"@id\":\"https:\/\/enduroboxer.swt-sports.de\/index.php\/enduroboxer-treffen-und-training-2012\/\"},\"author\":{\"name\":\"Manuel Schad\",\"@id\":\"https:\/\/enduroboxer.swt-sports.de\/#\/schema\/person\/745154e0f5ad4097c1f26a0280e77ebe\"},\"headline\":\"EnduroBoxer Treffen und Training 2012\",\"datePublished\":\"2012-10-30T06:57:13+00:00\",\"dateModified\":\"2021-02-04T22:18:23+00:00\",\"mainEntityOfPage\":{\"@id\":\"https:\/\/enduroboxer.swt-sports.de\/index.php\/enduroboxer-treffen-und-training-2012\/\"},\"wordCount\":320,\"commentCount\":0,\"publisher\":{\"@id\":\"https:\/\/enduroboxer.swt-sports.de\/#organization\"},\"image\":{\"@id\":\"https:\/\/enduroboxer.swt-sports.de\/index.php\/enduroboxer-treffen-und-training-2012\/#primaryimage\"},\"thumbnailUrl\":\"https:\/\/enduroboxer.swt-sports.de\/wp-content\/uploads\/2017\/12\/AnzeigeEbay.jpg\",\"keywords\":[\"BMW Enduro Treffen\",\"Dickschifftreffen\",\"EnduroBoxer Treffen\",\"EnduroBoxertreffen November\",\"EnduroBoxertreffen\",\"Simo Kirssi Training\"],\"articleSection\":[\"EnduroBoxer Treffen\"],\"inLanguage\":\"de\",\"potentialAction\":[{\"@type\":\"CommentAction\",\"name\":\"Comment\",\"target\":[\"https:\/\/enduroboxer.swt-sports.de\/index.php\/enduroboxer-treffen-und-training-2012\/#respond\"]}]},{\"@type\":\"WebPage\",\"@id\":\"https:\/\/enduroboxer.swt-sports.de\/index.php\/enduroboxer-treffen-und-training-2012\/\",\"url\":\"https:\/\/enduroboxer.swt-sports.de\/index.php\/enduroboxer-treffen-und-training-2012\/\",\"name\":\"EnduroBoxer Treffen und Training 2012 &#187; BMW Motorrad EnduroBoxer Treffen \u2013 Touren \u2013 Training\",\"isPartOf\":{\"@id\":\"https:\/\/enduroboxer.swt-sports.de\/#website\"},\"primaryImageOfPage\":{\"@id\":\"https:\/\/enduroboxer.swt-sports.de\/index.php\/enduroboxer-treffen-und-training-2012\/#primaryimage\"},\"image\":{\"@id\":\"https:\/\/enduroboxer.swt-sports.de\/index.php\/enduroboxer-treffen-und-training-2012\/#primaryimage\"},\"thumbnailUrl\":\"https:\/\/enduroboxer.swt-sports.de\/wp-content\/uploads\/2017\/12\/AnzeigeEbay.jpg\",\"datePublished\":\"2012-10-30T06:57:13+00:00\",\"dateModified\":\"2021-02-04T22:18:23+00:00\",\"breadcrumb\":{\"@id\":\"https:\/\/enduroboxer.swt-sports.de\/index.php\/enduroboxer-treffen-und-training-2012\/#breadcrumb\"},\"inLanguage\":\"de\",\"potentialAction\":[{\"@type\":\"ReadAction\",\"target\":[\"https:\/\/enduroboxer.swt-sports.de\/index.php\/enduroboxer-treffen-und-training-2012\/\"]}]},{\"@type\":\"ImageObject\",\"inLanguage\":\"de\",\"@id\":\"https:\/\/enduroboxer.swt-sports.de\/index.php\/enduroboxer-treffen-und-training-2012\/#primaryimage\",\"url\":\"https:\/\/enduroboxer.swt-sports.de\/wp-content\/uploads\/2017\/12\/AnzeigeEbay.jpg\",\"contentUrl\":\"https:\/\/enduroboxer.swt-sports.de\/wp-content\/uploads\/2017\/12\/AnzeigeEbay.jpg\",\"width\":1024,\"height\":728},{\"@type\":\"BreadcrumbList\",\"@id\":\"https:\/\/enduroboxer.swt-sports.de\/index.php\/enduroboxer-treffen-und-training-2012\/#breadcrumb\",\"itemListElement\":[{\"@type\":\"ListItem\",\"position\":1,\"name\":\"Home\",\"item\":\"https:\/\/enduroboxer.swt-sports.de\/\"},{\"@type\":\"ListItem\",\"position\":2,\"name\":\"EnduroBoxer Treffen und Training 2012\"}]},{\"@type\":\"WebSite\",\"@id\":\"https:\/\/enduroboxer.swt-sports.de\/#website\",\"url\":\"https:\/\/enduroboxer.swt-sports.de\/\",\"name\":\"BMW Motorrad EnduroBoxer\",\"description\":\"Die Offroad - Seite f\u00fcr BMW Motorrad \/ Motorr\u00e4der wie BMW R 80 \/ 100 \/ 1100 \/ 1150 \/ 1200 GS HP 2 die wirklich im Gel\u00e4nde bewegt werden.\",\"publisher\":{\"@id\":\"https:\/\/enduroboxer.swt-sports.de\/#organization\"},\"potentialAction\":[{\"@type\":\"SearchAction\",\"target\":{\"@type\":\"EntryPoint\",\"urlTemplate\":\"https:\/\/enduroboxer.swt-sports.de\/?s={search_term_string}\"},\"query-input\":{\"@type\":\"PropertyValueSpecification\",\"valueRequired\":true,\"valueName\":\"search_term_string\"}}],\"inLanguage\":\"de\"},{\"@type\":\"Organization\",\"@id\":\"https:\/\/enduroboxer.swt-sports.de\/#organization\",\"name\":\"Enduroboxer\",\"url\":\"https:\/\/enduroboxer.swt-sports.de\/\",\"logo\":{\"@type\":\"ImageObject\",\"inLanguage\":\"de\",\"@id\":\"https:\/\/enduroboxer.swt-sports.de\/#\/schema\/logo\/image\/\",\"url\":\"https:\/\/enduroboxer.swt-sports.de\/wp-content\/uploads\/2021\/01\/enduroboxer_logo_blau_straight.svg\",\"contentUrl\":\"https:\/\/enduroboxer.swt-sports.de\/wp-content\/uploads\/2021\/01\/enduroboxer_logo_blau_straight.svg\",\"width\":100,\"height\":100,\"caption\":\"Enduroboxer\"},\"image\":{\"@id\":\"https:\/\/enduroboxer.swt-sports.de\/#\/schema\/logo\/image\/\"},\"sameAs\":[\"https:\/\/www.facebook.com\/swtsports\/\"]},{\"@type\":\"Person\",\"@id\":\"https:\/\/enduroboxer.swt-sports.de\/#\/schema\/person\/745154e0f5ad4097c1f26a0280e77ebe\",\"name\":\"Manuel Schad\",\"image\":{\"@type\":\"ImageObject\",\"inLanguage\":\"de\",\"@id\":\"https:\/\/enduroboxer.swt-sports.de\/#\/schema\/person\/image\/\",\"url\":\"https:\/\/secure.gravatar.com\/avatar\/e8c5908c2046080e57193af19c1d0bd638b80a4d7cde24eaf17e5f5c2cb9fd23?s=96&d=mm&r=g\",\"contentUrl\":\"https:\/\/secure.gravatar.com\/avatar\/e8c5908c2046080e57193af19c1d0bd638b80a4d7cde24eaf17e5f5c2cb9fd23?s=96&d=mm&r=g\",\"caption\":\"Manuel Schad\"},\"sameAs\":[\"http:\/\/swt-sports.de\"],\"url\":\"https:\/\/enduroboxer.swt-sports.de\/index.php\/author\/manuel_schad\/\"}]}<\/script>\n<!-- \/ Yoast SEO plugin. -->","yoast_head_json":{"title":"EnduroBoxer Treffen und Training 2012 &#187; BMW Motorrad EnduroBoxer Treffen \u2013 Touren \u2013 Training","robots":{"index":"index","follow":"follow","max-snippet":"max-snippet:-1","max-image-preview":"max-image-preview:large","max-video-preview":"max-video-preview:-1"},"canonical":"https:\/\/enduroboxer.swt-sports.de\/index.php\/enduroboxer-treffen-und-training-2012\/","og_locale":"de_DE","og_type":"article","og_title":"EnduroBoxer Treffen und Training 2012 &#187; BMW Motorrad EnduroBoxer Treffen \u2013 Touren \u2013 Training","og_description":"\u201eEnduroBoxer Treffen Extreme\u201c 2012 &#8230; das sollte eigentlich der richtige Slogan f\u00fcr dieses Wochenende sein. Der Wetterfrosch hatte es schon vorhergesagt, dass die Verh\u00e4ltnisse nicht so ideal werden sollen. Auch die Absagen einiger Teilnehmer unterstrichen diese Vermutung. So waren wir ein \u00fcberschaubarer Haufen. Doch dass es so viel Spa\u00df machen w\u00fcrde, das konnten wir uns [&hellip;]","og_url":"https:\/\/enduroboxer.swt-sports.de\/index.php\/enduroboxer-treffen-und-training-2012\/","og_site_name":"BMW Motorrad EnduroBoxer Treffen \u2013 Touren \u2013 Training","article_publisher":"https:\/\/www.facebook.com\/swtsports\/","article_published_time":"2012-10-30T06:57:13+00:00","article_modified_time":"2021-02-04T22:18:23+00:00","og_image":[{"width":1024,"height":728,"url":"https:\/\/enduroboxer.swt-sports.de\/wp-content\/uploads\/2017\/12\/AnzeigeEbay.jpg","type":"image\/jpeg"}],"author":"Manuel Schad","twitter_card":"summary_large_image","twitter_misc":{"Verfasst von":"Manuel Schad","Gesch\u00e4tzte Lesezeit":"3\u00a0Minuten"},"schema":{"@context":"https:\/\/schema.org","@graph":[{"@type":"Article","@id":"https:\/\/enduroboxer.swt-sports.de\/index.php\/enduroboxer-treffen-und-training-2012\/#article","isPartOf":{"@id":"https:\/\/enduroboxer.swt-sports.de\/index.php\/enduroboxer-treffen-und-training-2012\/"},"author":{"name":"Manuel Schad","@id":"https:\/\/enduroboxer.swt-sports.de\/#\/schema\/person\/745154e0f5ad4097c1f26a0280e77ebe"},"headline":"EnduroBoxer Treffen und Training 2012","datePublished":"2012-10-30T06:57:13+00:00","dateModified":"2021-02-04T22:18:23+00:00","mainEntityOfPage":{"@id":"https:\/\/enduroboxer.swt-sports.de\/index.php\/enduroboxer-treffen-und-training-2012\/"},"wordCount":320,"commentCount":0,"publisher":{"@id":"https:\/\/enduroboxer.swt-sports.de\/#organization"},"image":{"@id":"https:\/\/enduroboxer.swt-sports.de\/index.php\/enduroboxer-treffen-und-training-2012\/#primaryimage"},"thumbnailUrl":"https:\/\/enduroboxer.swt-sports.de\/wp-content\/uploads\/2017\/12\/AnzeigeEbay.jpg","keywords":["BMW Enduro Treffen","Dickschifftreffen","EnduroBoxer Treffen","EnduroBoxertreffen November","EnduroBoxertreffen","Simo Kirssi Training"],"articleSection":["EnduroBoxer Treffen"],"inLanguage":"de","potentialAction":[{"@type":"CommentAction","name":"Comment","target":["https:\/\/enduroboxer.swt-sports.de\/index.php\/enduroboxer-treffen-und-training-2012\/#respond"]}]},{"@type":"WebPage","@id":"https:\/\/enduroboxer.swt-sports.de\/index.php\/enduroboxer-treffen-und-training-2012\/","url":"https:\/\/enduroboxer.swt-sports.de\/index.php\/enduroboxer-treffen-und-training-2012\/","name":"EnduroBoxer Treffen und Training 2012 &#187; BMW Motorrad EnduroBoxer Treffen \u2013 Touren \u2013 Training","isPartOf":{"@id":"https:\/\/enduroboxer.swt-sports.de\/#website"},"primaryImageOfPage":{"@id":"https:\/\/enduroboxer.swt-sports.de\/index.php\/enduroboxer-treffen-und-training-2012\/#primaryimage"},"image":{"@id":"https:\/\/enduroboxer.swt-sports.de\/index.php\/enduroboxer-treffen-und-training-2012\/#primaryimage"},"thumbnailUrl":"https:\/\/enduroboxer.swt-sports.de\/wp-content\/uploads\/2017\/12\/AnzeigeEbay.jpg","datePublished":"2012-10-30T06:57:13+00:00","dateModified":"2021-02-04T22:18:23+00:00","breadcrumb":{"@id":"https:\/\/enduroboxer.swt-sports.de\/index.php\/enduroboxer-treffen-und-training-2012\/#breadcrumb"},"inLanguage":"de","potentialAction":[{"@type":"ReadAction","target":["https:\/\/enduroboxer.swt-sports.de\/index.php\/enduroboxer-treffen-und-training-2012\/"]}]},{"@type":"ImageObject","inLanguage":"de","@id":"https:\/\/enduroboxer.swt-sports.de\/index.php\/enduroboxer-treffen-und-training-2012\/#primaryimage","url":"https:\/\/enduroboxer.swt-sports.de\/wp-content\/uploads\/2017\/12\/AnzeigeEbay.jpg","contentUrl":"https:\/\/enduroboxer.swt-sports.de\/wp-content\/uploads\/2017\/12\/AnzeigeEbay.jpg","width":1024,"height":728},{"@type":"BreadcrumbList","@id":"https:\/\/enduroboxer.swt-sports.de\/index.php\/enduroboxer-treffen-und-training-2012\/#breadcrumb","itemListElement":[{"@type":"ListItem","position":1,"name":"Home","item":"https:\/\/enduroboxer.swt-sports.de\/"},{"@type":"ListItem","position":2,"name":"EnduroBoxer Treffen und Training 2012"}]},{"@type":"WebSite","@id":"https:\/\/enduroboxer.swt-sports.de\/#website","url":"https:\/\/enduroboxer.swt-sports.de\/","name":"BMW Motorrad EnduroBoxer","description":"Die Offroad - Seite f\u00fcr BMW Motorrad \/ Motorr\u00e4der wie BMW R 80 \/ 100 \/ 1100 \/ 1150 \/ 1200 GS HP 2 die wirklich im Gel\u00e4nde bewegt werden.","publisher":{"@id":"https:\/\/enduroboxer.swt-sports.de\/#organization"},"potentialAction":[{"@type":"SearchAction","target":{"@type":"EntryPoint","urlTemplate":"https:\/\/enduroboxer.swt-sports.de\/?s={search_term_string}"},"query-input":{"@type":"PropertyValueSpecification","valueRequired":true,"valueName":"search_term_string"}}],"inLanguage":"de"},{"@type":"Organization","@id":"https:\/\/enduroboxer.swt-sports.de\/#organization","name":"Enduroboxer","url":"https:\/\/enduroboxer.swt-sports.de\/","logo":{"@type":"ImageObject","inLanguage":"de","@id":"https:\/\/enduroboxer.swt-sports.de\/#\/schema\/logo\/image\/","url":"https:\/\/enduroboxer.swt-sports.de\/wp-content\/uploads\/2021\/01\/enduroboxer_logo_blau_straight.svg","contentUrl":"https:\/\/enduroboxer.swt-sports.de\/wp-content\/uploads\/2021\/01\/enduroboxer_logo_blau_straight.svg","width":100,"height":100,"caption":"Enduroboxer"},"image":{"@id":"https:\/\/enduroboxer.swt-sports.de\/#\/schema\/logo\/image\/"},"sameAs":["https:\/\/www.facebook.com\/swtsports\/"]},{"@type":"Person","@id":"https:\/\/enduroboxer.swt-sports.de\/#\/schema\/person\/745154e0f5ad4097c1f26a0280e77ebe","name":"Manuel Schad","image":{"@type":"ImageObject","inLanguage":"de","@id":"https:\/\/enduroboxer.swt-sports.de\/#\/schema\/person\/image\/","url":"https:\/\/secure.gravatar.com\/avatar\/e8c5908c2046080e57193af19c1d0bd638b80a4d7cde24eaf17e5f5c2cb9fd23?s=96&d=mm&r=g","contentUrl":"https:\/\/secure.gravatar.com\/avatar\/e8c5908c2046080e57193af19c1d0bd638b80a4d7cde24eaf17e5f5c2cb9fd23?s=96&d=mm&r=g","caption":"Manuel Schad"},"sameAs":["http:\/\/swt-sports.de"],"url":"https:\/\/enduroboxer.swt-sports.de\/index.php\/author\/manuel_schad\/"}]}},"_links":{"self":[{"href":"https:\/\/enduroboxer.swt-sports.de\/index.php\/wp-json\/wp\/v2\/posts\/36567","targetHints":{"allow":["GET"]}}],"collection":[{"href":"https:\/\/enduroboxer.swt-sports.de\/index.php\/wp-json\/wp\/v2\/posts"}],"about":[{"href":"https:\/\/enduroboxer.swt-sports.de\/index.php\/wp-json\/wp\/v2\/types\/post"}],"author":[{"embeddable":true,"href":"https:\/\/enduroboxer.swt-sports.de\/index.php\/wp-json\/wp\/v2\/users\/402"}],"replies":[{"embeddable":true,"href":"https:\/\/enduroboxer.swt-sports.de\/index.php\/wp-json\/wp\/v2\/comments?post=36567"}],"version-history":[{"count":27,"href":"https:\/\/enduroboxer.swt-sports.de\/index.php\/wp-json\/wp\/v2\/posts\/36567\/revisions"}],"predecessor-version":[{"id":126694,"href":"https:\/\/enduroboxer.swt-sports.de\/index.php\/wp-json\/wp\/v2\/posts\/36567\/revisions\/126694"}],"wp:featuredmedia":[{"embeddable":true,"href":"https:\/\/enduroboxer.swt-sports.de\/index.php\/wp-json\/wp\/v2\/media\/36584"}],"wp:attachment":[{"href":"https:\/\/enduroboxer.swt-sports.de\/index.php\/wp-json\/wp\/v2\/media?parent=36567"}],"wp:term":[{"taxonomy":"category","embeddable":true,"href":"https:\/\/enduroboxer.swt-sports.de\/index.php\/wp-json\/wp\/v2\/categories?post=36567"},{"taxonomy":"post_tag","embeddable":true,"href":"https:\/\/enduroboxer.swt-sports.de\/index.php\/wp-json\/wp\/v2\/tags?post=36567"}],"curies":[{"name":"wp","href":"https:\/\/api.w.org\/{rel}","templated":true}]}}