{"id":36540,"date":"2010-11-05T07:41:20","date_gmt":"2010-11-05T05:41:20","guid":{"rendered":"http:\/\/enduroboxer.swt-sports.de\/?p=36540"},"modified":"2021-01-31T16:02:22","modified_gmt":"2021-01-31T14:02:22","slug":"enduroboxer-treffen-und-training-2010","status":"publish","type":"post","link":"https:\/\/enduroboxer.swt-sports.de\/index.php\/enduroboxer-treffen-und-training-2010\/","title":{"rendered":"EnduroBoxer Treffen und Training 2010"},"content":{"rendered":"\t\t<div data-elementor-type=\"wp-post\" data-elementor-id=\"36540\" class=\"elementor elementor-36540\" data-elementor-post-type=\"post\">\n\t\t\t\t\t\t<section class=\"elementor-section elementor-top-section elementor-element elementor-element-59c8ba1f elementor-section-boxed elementor-section-height-default elementor-section-height-default\" data-id=\"59c8ba1f\" data-element_type=\"section\">\n\t\t\t\t\t\t<div class=\"elementor-container elementor-column-gap-default\">\n\t\t\t\t\t<div class=\"elementor-column elementor-col-100 elementor-top-column elementor-element elementor-element-1579420\" data-id=\"1579420\" data-element_type=\"column\">\n\t\t\t<div class=\"elementor-widget-wrap elementor-element-populated\">\n\t\t\t\t\t\t<div class=\"elementor-element elementor-element-34b22dcb elementor-widget elementor-widget-text-editor\" data-id=\"34b22dcb\" data-element_type=\"widget\" data-widget_type=\"text-editor.default\">\n\t\t\t\t<div class=\"elementor-widget-container\">\n\t\t\t\t\t\t\t\t\t<div class=\"entry-content\"><div><p style=\"text-align: left;\">Ein <strong>Offroad-Training<\/strong> f\u00fcr <strong>Dickschiffe<\/strong>?<\/p><p style=\"text-align: left;\">Und dann noch \u201ef\u00fcr <strong>BMW-Boxer only<\/strong>\u201c?<\/p><p style=\"text-align: justify;\">Wie konnte das nur passieren?<\/p><p style=\"text-align: justify;\">Manuel Schad von <strong>SWT-Sports<\/strong> hat Kontakt zu . Daraus entstand die Idee, ein spezielles Offroad-Training nur f\u00fcr BMW-Boxer zu veranstalten. Und wer w\u00e4re dazu besser geeignet als der fliegende Finne, der lang genug auch bei der GCC mit dem Boxer mitgemischt hatte.<\/p><p><a href=\"..\/..\/wp-content\/uploads\/2010\/11\/DSC3321.jpg\"><img fetchpriority=\"high\" decoding=\"async\" class=\"alignnone size-full wp-image-36553\" src=\"..\/..\/wp-content\/uploads\/2010\/11\/DSC3321.jpg\" alt=\"\" width=\"1024\" height=\"682\" srcset=\"https:\/\/enduroboxer.swt-sports.de\/wp-content\/uploads\/2010\/11\/DSC3321.jpg 1024w, https:\/\/enduroboxer.swt-sports.de\/wp-content\/uploads\/2010\/11\/DSC3321-300x200.jpg 300w, https:\/\/enduroboxer.swt-sports.de\/wp-content\/uploads\/2010\/11\/DSC3321-768x512.jpg 768w, https:\/\/enduroboxer.swt-sports.de\/wp-content\/uploads\/2010\/11\/DSC3321-610x406.jpg 610w\" sizes=\"(max-width: 1024px) 100vw, 1024px\" \/><\/a><\/p><p><em>(Text und Fotos: Michael Vogel)<\/em><\/p><p style=\"text-align: justify;\">Veranstaltungsort an dem Wochenende war die \u201eSchwarze Pf\u00fctze\u201c, das Gel\u00e4nde des MMC Schweinfurt. Gekommen waren 12 Fahrer mit ihren Boxern, die allesamt die unterschiedlichsten Vorkenntnisse hatten.<\/p><p style=\"text-align: justify;\">Am Samstag wurde viel Grundwissen vermittelt, Beschleunigen und Bremsen auf losem Untergrund, Ausweichbremsungen, Driften usw. Danach ging es zum \u201eSpielen\u201c auf der Crosstrecke. Und am Abend hat Simo dann noch gezeigt, was mit der HP2 tats\u00e4chlich machbar ist. Bei den Teilnehmern entstand der deprimierende Eindruck, dass das Thema \u201eSchwerkraft\u201c ihn nicht sonderlich zu tangieren scheint.<\/p><p style=\"text-align: justify;\">Sonntag hat Simo mit einem Fahrer die Reifen-Moussemontage praktisch vorgef\u00fchrt und die Fahrer probieren lassen. Dann gab es vom Metzeler-Renndienst eine Einf\u00fchrung zum Thema Reifen und die Vorf\u00fchrung des Videos vom Erzberg, wo Simo mit der HP2 den Prolog mit 4 Sekunden Vorsprung gewonnen hatte.<\/p><p style=\"text-align: justify;\">Ab 12:00 Uhr gingen die Teilnehmer noch einmal f\u00fcr vier Stunden an die praktische Umsetzung des Gelernten auf der Strecke.<\/p><p style=\"text-align: justify;\">Unter dem Strich wurde viel praktisches Wissen vermittelt und die Teilnehmer waren durch die Reihe zufrieden.<\/p><p><em>(Text und Fotos: Michael Vogel) <\/em>Geschrieben von: Robert Pairan<\/p><\/div><\/div>\t\t\t\t\t\t\t\t<\/div>\n\t\t\t\t<\/div>\n\t\t\t\t\t<\/div>\n\t\t<\/div>\n\t\t\t\t\t<\/div>\n\t\t<\/section>\n\t\t\t\t<section class=\"elementor-section elementor-top-section elementor-element elementor-element-eb19944 elementor-section-boxed elementor-section-height-default elementor-section-height-default\" data-id=\"eb19944\" data-element_type=\"section\">\n\t\t\t\t\t\t<div class=\"elementor-container elementor-column-gap-default\">\n\t\t\t\t\t<div class=\"elementor-column elementor-col-100 elementor-top-column elementor-element elementor-element-71783b6\" data-id=\"71783b6\" data-element_type=\"column\">\n\t\t\t<div class=\"elementor-widget-wrap elementor-element-populated\">\n\t\t\t\t\t\t<div class=\"elementor-element elementor-element-2519240 elementor-widget elementor-widget-video\" data-id=\"2519240\" data-element_type=\"widget\" data-settings=\"{&quot;youtube_url&quot;:&quot;https:\\\/\\\/youtu.be\\\/PRTmwxTAhUk&quot;,&quot;video_type&quot;:&quot;youtube&quot;,&quot;controls&quot;:&quot;yes&quot;}\" data-widget_type=\"video.default\">\n\t\t\t\t<div class=\"elementor-widget-container\">\n\t\t\t\t\t\t\t<div class=\"elementor-wrapper elementor-open-inline\">\n\t\t\t<div class=\"elementor-video\"><\/div>\t\t<\/div>\n\t\t\t\t\t\t<\/div>\n\t\t\t\t<\/div>\n\t\t\t\t\t<\/div>\n\t\t<\/div>\n\t\t\t\t\t<\/div>\n\t\t<\/section>\n\t\t\t\t<\/div>\n\t\t","protected":false},"excerpt":{"rendered":"<p>Ein Offroad-Training f\u00fcr Dickschiffe? Und dann noch \u201ef\u00fcr BMW-Boxer only\u201c? Wie konnte das nur passieren? Manuel Schad von SWT-Sports hat Kontakt zu . Daraus entstand die Idee, ein spezielles Offroad-Training nur f\u00fcr BMW-Boxer zu veranstalten. Und wer w\u00e4re dazu besser geeignet als der fliegende Finne, der lang genug auch bei der GCC mit dem Boxer [&hellip;]<\/p>\n","protected":false},"author":402,"featured_media":36552,"comment_status":"open","ping_status":"open","sticky":false,"template":"","format":"standard","meta":{"inline_featured_image":false,"footnotes":""},"categories":[62],"tags":[9,10,20,21,48,63],"class_list":["post-36540","post","type-post","status-publish","format-standard","has-post-thumbnail","hentry","category-enduroboxer-treffen","tag-simo-kirssi-training","tag-training-swt-sports","tag-dickschifftreffen","tag-enduroboxer-treffen","tag-enduroboxertreffen","tag-jens-scheffler-training"],"yoast_head":"<!-- This site is optimized with the Yoast SEO plugin v26.6 - https:\/\/yoast.com\/wordpress\/plugins\/seo\/ -->\n<title>EnduroBoxer Treffen und Training 2010 &#187; BMW Motorrad EnduroBoxer Treffen \u2013 Touren \u2013 Training<\/title>\n<meta name=\"robots\" content=\"index, follow, max-snippet:-1, max-image-preview:large, max-video-preview:-1\" \/>\n<link rel=\"canonical\" href=\"https:\/\/enduroboxer.swt-sports.de\/index.php\/enduroboxer-treffen-und-training-2010\/\" \/>\n<meta property=\"og:locale\" content=\"de_DE\" \/>\n<meta property=\"og:type\" content=\"article\" \/>\n<meta property=\"og:title\" content=\"EnduroBoxer Treffen und Training 2010 &#187; BMW Motorrad EnduroBoxer Treffen \u2013 Touren \u2013 Training\" \/>\n<meta property=\"og:description\" content=\"Ein Offroad-Training f\u00fcr Dickschiffe? Und dann noch \u201ef\u00fcr BMW-Boxer only\u201c? Wie konnte das nur passieren? Manuel Schad von SWT-Sports hat Kontakt zu . Daraus entstand die Idee, ein spezielles Offroad-Training nur f\u00fcr BMW-Boxer zu veranstalten. Und wer w\u00e4re dazu besser geeignet als der fliegende Finne, der lang genug auch bei der GCC mit dem Boxer [&hellip;]\" \/>\n<meta property=\"og:url\" content=\"https:\/\/enduroboxer.swt-sports.de\/index.php\/enduroboxer-treffen-und-training-2010\/\" \/>\n<meta property=\"og:site_name\" content=\"BMW Motorrad EnduroBoxer Treffen \u2013 Touren \u2013 Training\" \/>\n<meta property=\"article:publisher\" content=\"https:\/\/www.facebook.com\/swtsports\/\" \/>\n<meta property=\"article:published_time\" content=\"2010-11-05T05:41:20+00:00\" \/>\n<meta property=\"article:modified_time\" content=\"2021-01-31T14:02:22+00:00\" \/>\n<meta property=\"og:image\" content=\"https:\/\/enduroboxer.swt-sports.de\/wp-content\/uploads\/2010\/11\/DSC3218-Bearbeitet-2.jpg\" \/>\n\t<meta property=\"og:image:width\" content=\"1024\" \/>\n\t<meta property=\"og:image:height\" content=\"732\" \/>\n\t<meta property=\"og:image:type\" content=\"image\/jpeg\" \/>\n<meta name=\"author\" content=\"Manuel Schad\" \/>\n<meta name=\"twitter:card\" content=\"summary_large_image\" \/>\n<meta name=\"twitter:label1\" content=\"Verfasst von\" \/>\n\t<meta name=\"twitter:data1\" content=\"Manuel Schad\" \/>\n\t<meta name=\"twitter:label2\" content=\"Gesch\u00e4tzte Lesezeit\" \/>\n\t<meta name=\"twitter:data2\" content=\"2\u00a0Minuten\" \/>\n<script type=\"application\/ld+json\" class=\"yoast-schema-graph\">{\"@context\":\"https:\/\/schema.org\",\"@graph\":[{\"@type\":\"Article\",\"@id\":\"https:\/\/enduroboxer.swt-sports.de\/index.php\/enduroboxer-treffen-und-training-2010\/#article\",\"isPartOf\":{\"@id\":\"https:\/\/enduroboxer.swt-sports.de\/index.php\/enduroboxer-treffen-und-training-2010\/\"},\"author\":{\"name\":\"Manuel Schad\",\"@id\":\"https:\/\/enduroboxer.swt-sports.de\/#\/schema\/person\/745154e0f5ad4097c1f26a0280e77ebe\"},\"headline\":\"EnduroBoxer Treffen und Training 2010\",\"datePublished\":\"2010-11-05T05:41:20+00:00\",\"dateModified\":\"2021-01-31T14:02:22+00:00\",\"mainEntityOfPage\":{\"@id\":\"https:\/\/enduroboxer.swt-sports.de\/index.php\/enduroboxer-treffen-und-training-2010\/\"},\"wordCount\":247,\"commentCount\":0,\"publisher\":{\"@id\":\"https:\/\/enduroboxer.swt-sports.de\/#organization\"},\"image\":{\"@id\":\"https:\/\/enduroboxer.swt-sports.de\/index.php\/enduroboxer-treffen-und-training-2010\/#primaryimage\"},\"thumbnailUrl\":\"https:\/\/enduroboxer.swt-sports.de\/wp-content\/uploads\/2010\/11\/DSC3218-Bearbeitet-2.jpg\",\"keywords\":[\"Simo Kirssi Training\",\"Training SWT-SPORTS\",\"Dickschifftreffen\",\"EnduroBoxer Treffen\",\"EnduroBoxertreffen\",\"Jens Scheffler Training\"],\"articleSection\":[\"EnduroBoxer Treffen\"],\"inLanguage\":\"de\",\"potentialAction\":[{\"@type\":\"CommentAction\",\"name\":\"Comment\",\"target\":[\"https:\/\/enduroboxer.swt-sports.de\/index.php\/enduroboxer-treffen-und-training-2010\/#respond\"]}]},{\"@type\":\"WebPage\",\"@id\":\"https:\/\/enduroboxer.swt-sports.de\/index.php\/enduroboxer-treffen-und-training-2010\/\",\"url\":\"https:\/\/enduroboxer.swt-sports.de\/index.php\/enduroboxer-treffen-und-training-2010\/\",\"name\":\"EnduroBoxer Treffen und Training 2010 &#187; BMW Motorrad EnduroBoxer Treffen \u2013 Touren \u2013 Training\",\"isPartOf\":{\"@id\":\"https:\/\/enduroboxer.swt-sports.de\/#website\"},\"primaryImageOfPage\":{\"@id\":\"https:\/\/enduroboxer.swt-sports.de\/index.php\/enduroboxer-treffen-und-training-2010\/#primaryimage\"},\"image\":{\"@id\":\"https:\/\/enduroboxer.swt-sports.de\/index.php\/enduroboxer-treffen-und-training-2010\/#primaryimage\"},\"thumbnailUrl\":\"https:\/\/enduroboxer.swt-sports.de\/wp-content\/uploads\/2010\/11\/DSC3218-Bearbeitet-2.jpg\",\"datePublished\":\"2010-11-05T05:41:20+00:00\",\"dateModified\":\"2021-01-31T14:02:22+00:00\",\"breadcrumb\":{\"@id\":\"https:\/\/enduroboxer.swt-sports.de\/index.php\/enduroboxer-treffen-und-training-2010\/#breadcrumb\"},\"inLanguage\":\"de\",\"potentialAction\":[{\"@type\":\"ReadAction\",\"target\":[\"https:\/\/enduroboxer.swt-sports.de\/index.php\/enduroboxer-treffen-und-training-2010\/\"]}]},{\"@type\":\"ImageObject\",\"inLanguage\":\"de\",\"@id\":\"https:\/\/enduroboxer.swt-sports.de\/index.php\/enduroboxer-treffen-und-training-2010\/#primaryimage\",\"url\":\"https:\/\/enduroboxer.swt-sports.de\/wp-content\/uploads\/2010\/11\/DSC3218-Bearbeitet-2.jpg\",\"contentUrl\":\"https:\/\/enduroboxer.swt-sports.de\/wp-content\/uploads\/2010\/11\/DSC3218-Bearbeitet-2.jpg\",\"width\":1024,\"height\":732},{\"@type\":\"BreadcrumbList\",\"@id\":\"https:\/\/enduroboxer.swt-sports.de\/index.php\/enduroboxer-treffen-und-training-2010\/#breadcrumb\",\"itemListElement\":[{\"@type\":\"ListItem\",\"position\":1,\"name\":\"Home\",\"item\":\"https:\/\/enduroboxer.swt-sports.de\/\"},{\"@type\":\"ListItem\",\"position\":2,\"name\":\"EnduroBoxer Treffen und Training 2010\"}]},{\"@type\":\"WebSite\",\"@id\":\"https:\/\/enduroboxer.swt-sports.de\/#website\",\"url\":\"https:\/\/enduroboxer.swt-sports.de\/\",\"name\":\"BMW Motorrad EnduroBoxer\",\"description\":\"Die Offroad - Seite f\u00fcr BMW Motorrad \/ Motorr\u00e4der wie BMW R 80 \/ 100 \/ 1100 \/ 1150 \/ 1200 GS HP 2 die wirklich im Gel\u00e4nde bewegt werden.\",\"publisher\":{\"@id\":\"https:\/\/enduroboxer.swt-sports.de\/#organization\"},\"potentialAction\":[{\"@type\":\"SearchAction\",\"target\":{\"@type\":\"EntryPoint\",\"urlTemplate\":\"https:\/\/enduroboxer.swt-sports.de\/?s={search_term_string}\"},\"query-input\":{\"@type\":\"PropertyValueSpecification\",\"valueRequired\":true,\"valueName\":\"search_term_string\"}}],\"inLanguage\":\"de\"},{\"@type\":\"Organization\",\"@id\":\"https:\/\/enduroboxer.swt-sports.de\/#organization\",\"name\":\"Enduroboxer\",\"url\":\"https:\/\/enduroboxer.swt-sports.de\/\",\"logo\":{\"@type\":\"ImageObject\",\"inLanguage\":\"de\",\"@id\":\"https:\/\/enduroboxer.swt-sports.de\/#\/schema\/logo\/image\/\",\"url\":\"https:\/\/enduroboxer.swt-sports.de\/wp-content\/uploads\/2021\/01\/enduroboxer_logo_blau_straight.svg\",\"contentUrl\":\"https:\/\/enduroboxer.swt-sports.de\/wp-content\/uploads\/2021\/01\/enduroboxer_logo_blau_straight.svg\",\"width\":100,\"height\":100,\"caption\":\"Enduroboxer\"},\"image\":{\"@id\":\"https:\/\/enduroboxer.swt-sports.de\/#\/schema\/logo\/image\/\"},\"sameAs\":[\"https:\/\/www.facebook.com\/swtsports\/\"]},{\"@type\":\"Person\",\"@id\":\"https:\/\/enduroboxer.swt-sports.de\/#\/schema\/person\/745154e0f5ad4097c1f26a0280e77ebe\",\"name\":\"Manuel Schad\",\"image\":{\"@type\":\"ImageObject\",\"inLanguage\":\"de\",\"@id\":\"https:\/\/enduroboxer.swt-sports.de\/#\/schema\/person\/image\/\",\"url\":\"https:\/\/secure.gravatar.com\/avatar\/e8c5908c2046080e57193af19c1d0bd638b80a4d7cde24eaf17e5f5c2cb9fd23?s=96&d=mm&r=g\",\"contentUrl\":\"https:\/\/secure.gravatar.com\/avatar\/e8c5908c2046080e57193af19c1d0bd638b80a4d7cde24eaf17e5f5c2cb9fd23?s=96&d=mm&r=g\",\"caption\":\"Manuel Schad\"},\"sameAs\":[\"http:\/\/swt-sports.de\"],\"url\":\"https:\/\/enduroboxer.swt-sports.de\/index.php\/author\/manuel_schad\/\"}]}<\/script>\n<!-- \/ Yoast SEO plugin. -->","yoast_head_json":{"title":"EnduroBoxer Treffen und Training 2010 &#187; BMW Motorrad EnduroBoxer Treffen \u2013 Touren \u2013 Training","robots":{"index":"index","follow":"follow","max-snippet":"max-snippet:-1","max-image-preview":"max-image-preview:large","max-video-preview":"max-video-preview:-1"},"canonical":"https:\/\/enduroboxer.swt-sports.de\/index.php\/enduroboxer-treffen-und-training-2010\/","og_locale":"de_DE","og_type":"article","og_title":"EnduroBoxer Treffen und Training 2010 &#187; BMW Motorrad EnduroBoxer Treffen \u2013 Touren \u2013 Training","og_description":"Ein Offroad-Training f\u00fcr Dickschiffe? Und dann noch \u201ef\u00fcr BMW-Boxer only\u201c? Wie konnte das nur passieren? Manuel Schad von SWT-Sports hat Kontakt zu . Daraus entstand die Idee, ein spezielles Offroad-Training nur f\u00fcr BMW-Boxer zu veranstalten. Und wer w\u00e4re dazu besser geeignet als der fliegende Finne, der lang genug auch bei der GCC mit dem Boxer [&hellip;]","og_url":"https:\/\/enduroboxer.swt-sports.de\/index.php\/enduroboxer-treffen-und-training-2010\/","og_site_name":"BMW Motorrad EnduroBoxer Treffen \u2013 Touren \u2013 Training","article_publisher":"https:\/\/www.facebook.com\/swtsports\/","article_published_time":"2010-11-05T05:41:20+00:00","article_modified_time":"2021-01-31T14:02:22+00:00","og_image":[{"width":1024,"height":732,"url":"https:\/\/enduroboxer.swt-sports.de\/wp-content\/uploads\/2010\/11\/DSC3218-Bearbeitet-2.jpg","type":"image\/jpeg"}],"author":"Manuel Schad","twitter_card":"summary_large_image","twitter_misc":{"Verfasst von":"Manuel Schad","Gesch\u00e4tzte Lesezeit":"2\u00a0Minuten"},"schema":{"@context":"https:\/\/schema.org","@graph":[{"@type":"Article","@id":"https:\/\/enduroboxer.swt-sports.de\/index.php\/enduroboxer-treffen-und-training-2010\/#article","isPartOf":{"@id":"https:\/\/enduroboxer.swt-sports.de\/index.php\/enduroboxer-treffen-und-training-2010\/"},"author":{"name":"Manuel Schad","@id":"https:\/\/enduroboxer.swt-sports.de\/#\/schema\/person\/745154e0f5ad4097c1f26a0280e77ebe"},"headline":"EnduroBoxer Treffen und Training 2010","datePublished":"2010-11-05T05:41:20+00:00","dateModified":"2021-01-31T14:02:22+00:00","mainEntityOfPage":{"@id":"https:\/\/enduroboxer.swt-sports.de\/index.php\/enduroboxer-treffen-und-training-2010\/"},"wordCount":247,"commentCount":0,"publisher":{"@id":"https:\/\/enduroboxer.swt-sports.de\/#organization"},"image":{"@id":"https:\/\/enduroboxer.swt-sports.de\/index.php\/enduroboxer-treffen-und-training-2010\/#primaryimage"},"thumbnailUrl":"https:\/\/enduroboxer.swt-sports.de\/wp-content\/uploads\/2010\/11\/DSC3218-Bearbeitet-2.jpg","keywords":["Simo Kirssi Training","Training SWT-SPORTS","Dickschifftreffen","EnduroBoxer Treffen","EnduroBoxertreffen","Jens Scheffler Training"],"articleSection":["EnduroBoxer Treffen"],"inLanguage":"de","potentialAction":[{"@type":"CommentAction","name":"Comment","target":["https:\/\/enduroboxer.swt-sports.de\/index.php\/enduroboxer-treffen-und-training-2010\/#respond"]}]},{"@type":"WebPage","@id":"https:\/\/enduroboxer.swt-sports.de\/index.php\/enduroboxer-treffen-und-training-2010\/","url":"https:\/\/enduroboxer.swt-sports.de\/index.php\/enduroboxer-treffen-und-training-2010\/","name":"EnduroBoxer Treffen und Training 2010 &#187; BMW Motorrad EnduroBoxer Treffen \u2013 Touren \u2013 Training","isPartOf":{"@id":"https:\/\/enduroboxer.swt-sports.de\/#website"},"primaryImageOfPage":{"@id":"https:\/\/enduroboxer.swt-sports.de\/index.php\/enduroboxer-treffen-und-training-2010\/#primaryimage"},"image":{"@id":"https:\/\/enduroboxer.swt-sports.de\/index.php\/enduroboxer-treffen-und-training-2010\/#primaryimage"},"thumbnailUrl":"https:\/\/enduroboxer.swt-sports.de\/wp-content\/uploads\/2010\/11\/DSC3218-Bearbeitet-2.jpg","datePublished":"2010-11-05T05:41:20+00:00","dateModified":"2021-01-31T14:02:22+00:00","breadcrumb":{"@id":"https:\/\/enduroboxer.swt-sports.de\/index.php\/enduroboxer-treffen-und-training-2010\/#breadcrumb"},"inLanguage":"de","potentialAction":[{"@type":"ReadAction","target":["https:\/\/enduroboxer.swt-sports.de\/index.php\/enduroboxer-treffen-und-training-2010\/"]}]},{"@type":"ImageObject","inLanguage":"de","@id":"https:\/\/enduroboxer.swt-sports.de\/index.php\/enduroboxer-treffen-und-training-2010\/#primaryimage","url":"https:\/\/enduroboxer.swt-sports.de\/wp-content\/uploads\/2010\/11\/DSC3218-Bearbeitet-2.jpg","contentUrl":"https:\/\/enduroboxer.swt-sports.de\/wp-content\/uploads\/2010\/11\/DSC3218-Bearbeitet-2.jpg","width":1024,"height":732},{"@type":"BreadcrumbList","@id":"https:\/\/enduroboxer.swt-sports.de\/index.php\/enduroboxer-treffen-und-training-2010\/#breadcrumb","itemListElement":[{"@type":"ListItem","position":1,"name":"Home","item":"https:\/\/enduroboxer.swt-sports.de\/"},{"@type":"ListItem","position":2,"name":"EnduroBoxer Treffen und Training 2010"}]},{"@type":"WebSite","@id":"https:\/\/enduroboxer.swt-sports.de\/#website","url":"https:\/\/enduroboxer.swt-sports.de\/","name":"BMW Motorrad EnduroBoxer","description":"Die Offroad - Seite f\u00fcr BMW Motorrad \/ Motorr\u00e4der wie BMW R 80 \/ 100 \/ 1100 \/ 1150 \/ 1200 GS HP 2 die wirklich im Gel\u00e4nde bewegt werden.","publisher":{"@id":"https:\/\/enduroboxer.swt-sports.de\/#organization"},"potentialAction":[{"@type":"SearchAction","target":{"@type":"EntryPoint","urlTemplate":"https:\/\/enduroboxer.swt-sports.de\/?s={search_term_string}"},"query-input":{"@type":"PropertyValueSpecification","valueRequired":true,"valueName":"search_term_string"}}],"inLanguage":"de"},{"@type":"Organization","@id":"https:\/\/enduroboxer.swt-sports.de\/#organization","name":"Enduroboxer","url":"https:\/\/enduroboxer.swt-sports.de\/","logo":{"@type":"ImageObject","inLanguage":"de","@id":"https:\/\/enduroboxer.swt-sports.de\/#\/schema\/logo\/image\/","url":"https:\/\/enduroboxer.swt-sports.de\/wp-content\/uploads\/2021\/01\/enduroboxer_logo_blau_straight.svg","contentUrl":"https:\/\/enduroboxer.swt-sports.de\/wp-content\/uploads\/2021\/01\/enduroboxer_logo_blau_straight.svg","width":100,"height":100,"caption":"Enduroboxer"},"image":{"@id":"https:\/\/enduroboxer.swt-sports.de\/#\/schema\/logo\/image\/"},"sameAs":["https:\/\/www.facebook.com\/swtsports\/"]},{"@type":"Person","@id":"https:\/\/enduroboxer.swt-sports.de\/#\/schema\/person\/745154e0f5ad4097c1f26a0280e77ebe","name":"Manuel Schad","image":{"@type":"ImageObject","inLanguage":"de","@id":"https:\/\/enduroboxer.swt-sports.de\/#\/schema\/person\/image\/","url":"https:\/\/secure.gravatar.com\/avatar\/e8c5908c2046080e57193af19c1d0bd638b80a4d7cde24eaf17e5f5c2cb9fd23?s=96&d=mm&r=g","contentUrl":"https:\/\/secure.gravatar.com\/avatar\/e8c5908c2046080e57193af19c1d0bd638b80a4d7cde24eaf17e5f5c2cb9fd23?s=96&d=mm&r=g","caption":"Manuel Schad"},"sameAs":["http:\/\/swt-sports.de"],"url":"https:\/\/enduroboxer.swt-sports.de\/index.php\/author\/manuel_schad\/"}]}},"_links":{"self":[{"href":"https:\/\/enduroboxer.swt-sports.de\/index.php\/wp-json\/wp\/v2\/posts\/36540","targetHints":{"allow":["GET"]}}],"collection":[{"href":"https:\/\/enduroboxer.swt-sports.de\/index.php\/wp-json\/wp\/v2\/posts"}],"about":[{"href":"https:\/\/enduroboxer.swt-sports.de\/index.php\/wp-json\/wp\/v2\/types\/post"}],"author":[{"embeddable":true,"href":"https:\/\/enduroboxer.swt-sports.de\/index.php\/wp-json\/wp\/v2\/users\/402"}],"replies":[{"embeddable":true,"href":"https:\/\/enduroboxer.swt-sports.de\/index.php\/wp-json\/wp\/v2\/comments?post=36540"}],"version-history":[{"count":34,"href":"https:\/\/enduroboxer.swt-sports.de\/index.php\/wp-json\/wp\/v2\/posts\/36540\/revisions"}],"predecessor-version":[{"id":126521,"href":"https:\/\/enduroboxer.swt-sports.de\/index.php\/wp-json\/wp\/v2\/posts\/36540\/revisions\/126521"}],"wp:featuredmedia":[{"embeddable":true,"href":"https:\/\/enduroboxer.swt-sports.de\/index.php\/wp-json\/wp\/v2\/media\/36552"}],"wp:attachment":[{"href":"https:\/\/enduroboxer.swt-sports.de\/index.php\/wp-json\/wp\/v2\/media?parent=36540"}],"wp:term":[{"taxonomy":"category","embeddable":true,"href":"https:\/\/enduroboxer.swt-sports.de\/index.php\/wp-json\/wp\/v2\/categories?post=36540"},{"taxonomy":"post_tag","embeddable":true,"href":"https:\/\/enduroboxer.swt-sports.de\/index.php\/wp-json\/wp\/v2\/tags?post=36540"}],"curies":[{"name":"wp","href":"https:\/\/api.w.org\/{rel}","templated":true}]}}